{"id":1906,"date":"2020-09-18T00:00:14","date_gmt":"2020-09-17T22:00:14","guid":{"rendered":"https:\/\/www.arguments.es\/uncategorized\/nuria-defender-la-vida-del-mas-vulnerable-por-encima-del-exito-profesional\/"},"modified":"2020-09-18T00:00:14","modified_gmt":"2020-09-17T22:00:14","slug":"nuria-defender-la-vida-del-mas-vulnerable-por-encima-del-exito-profesional","status":"publish","type":"post","link":"https:\/\/www.arguments.es\/en\/vocation\/nuria-defender-la-vida-del-mas-vulnerable-por-encima-del-exito-profesional\/","title":{"rendered":"Nuria, defender la vida del m\u00e1s vulnerable por encima del \u00e9xito profesional"},"content":{"rendered":"<figure id=\"attachment_2115\" aria-describedby=\"caption-attachment-2115\" style=\"width: 330px\" class=\"wp-caption aligncenter\"><img decoding=\"async\" class=\"wp-image-2115\" src=\"<a href=\"http:><figcaption id=\"caption-attachment-2115\" class=\"wp-caption-text\">http:\/\/www.arguments.es\/wp-content\/uploads\/vocacion\/2020\/09\/Nuria-Peregr\u00edn-Pastor-225x300.jpeg\"<\/a> alt=\"\" width=\"330\" height=\"440\" \/> * Nuria al terminar unas pr\u00e1cticas en la universidad.<\/figcaption><\/figure>\n<h2>Cuando la fe no es una teor\u00eda, sino luz que ilumina y fuerza para vivir<\/h2>\n<p> Se llama Nuria, es de Barcelona, tiene 22 a\u00f1os y acaba de terminar el Grado de Bioqu\u00edmica en la Universidad de Navarra. Le apasiona su carrera. Cuanto m\u00e1s aprende del funcionamiento del cuerpo humano, m\u00e1s se asombra de lo bien que estamos hechos y le refuerza la idea de que no estamos aqu\u00ed por azar, de que no hemos surgido como fruto de la casualidad, sino por querer de Dios.  Ha nacido en una familia cristiana, donde desde peque\u00f1a le han ense\u00f1ado a tratar a Dios. Pero despu\u00e9s, conforme ha ido creciendo y configurando su car\u00e1cter, ha ido madurando esa fe libremente frecuentando los <a href=\"https:\/\/www.arguments.es\/en\/liturgy\/por-que-los-sacramentos-son-tan-importantes-en-la-vida-cristiana\/\">sacraments<\/a> y descubriendo que la vida con Dios, siendo aparentemente igual, tiene otra dimensi\u00f3n, otra luz, otro sentido.  Y esa experiencia y seguridad que ha encontrado en Dios, le ha ayudado a tomar las decisiones a lo largo de su vida y asumir sus consecuencias con paz.   <\/p>\n<h2>Una graduaci\u00f3n at\u00edpica: la de la era del covid<\/h2>\n<p> Nuria es una de lo miles de estudiantes que han terminado sus estudios en medio de la pandemia del <a href=\"https:\/\/www.arguments.es\/en\/credo-y-fe-cristiana\/6-cosas-que-puedes-hacer-frente-al-coronavirus\/\">covid-19<\/a>. Si la b\u00fasqueda de trabajo o decidir qu\u00e9 hacer despu\u00e9s de la carrera siempre ha sido una cuesti\u00f3n dif\u00edcil para muchos... este a\u00f1o lo era todav\u00eda m\u00e1s.  Con este <a href=\"https:\/\/www.arguments.es\/en\/liturgy\/8-ensenanzas-que-me-ha-dejado-el-coronavirus-por-viktor-kuppers\/\">panorama<\/a>, consigui\u00f3 unas pr\u00e1cticas en un prestigioso laboratorio donde ten\u00eda posibilidades de seguir trabajando en un futuro y compatibilizarlo con el estudio de un m\u00e1ster. Ella misma cuenta\u00a0en primera persona lo que le pas\u00f3.   <\/p>\n<h2>Todo iba genial, hasta que me enter\u00e9 que trabajaban con \"fetos\"...<\/h2>\n<p> \"<em>Trabajamos con <a href=\"https:\/\/www.arguments.es\/en\/viva-la-vida\/que-dota-de-derechos-al-embrion-magia-potagia\/\">fetos<\/a> que vienen de Inglaterra...<\/em>\". \u00a0De repente me paralizo por completo y me repito: \"<em>Nuria lo est\u00e1s escuchando mal<\/em>\". Hago un esfuerzo por disimular y contesto cualquier cosa.  - \"<em>\u00bfDe Inglaterra?<\/em>\"  - \"<em>\u00a1<\/em>S<em>\u00ed! Nos los traen de all\u00ed ya que la legislaci\u00f3n es menos estricta. Necesitamos las c\u00e9lulas de los <a href=\"https:\/\/www.arguments.es\/en\/viva-la-vida\/el-incomodo-asunto-del-doctor-gosnell\/\">fetos humanos<\/a> crecidos y aqu\u00ed en Espa\u00f1a est\u00e1 prohibido abortar en un estadio tan avanzado<\/em>\".  Silencio. No s\u00e9 que decir. Me dan ganas de llorar. Siento dolor e injusticia.  Llevaba dos semanas trabajando en el laboratorio, aunque gracias a Dios, en ning\u00fan momento manipul\u00e9 esas c\u00e9lulas. Sin embargo, no pod\u00eda dejar de pensar, que de haber colaborado en ese proyecto, pasaba a ser c\u00f3mplice de un holocausto.  La conversaci\u00f3n cambia, pero yo sigo en shock. No dejo de pensar en ellos. Tan peque\u00f1os y vulnerables. Tan puros e inocentes. Tan Santos.   <\/p>\n<h2>La ciencia ha de estar al servicio del hombre, y no al rev\u00e9s...<\/h2>\n<p> He estudiado Bioqu\u00edmica y durante los 4 a\u00f1os he disfrutado much\u00edsimo. \u00a1Poder conocer el funcionamiento de la mejor m\u00e1quina del mundo, es incre\u00edble! Se nota que es cosa del Creador. Y es que en cada asignatura ve\u00edas a Dios, ya que, una obra tan perfecta solo puede ser cosa suya.  A pesar de la pandemia, en verano empezar\u00eda unas pr\u00e1cticas. Estaba muy ilusionada y ten\u00eda muchas ganas de aprender.  \u00a1Todo iba genial! Estaba aprendiendo much\u00edsimo y el equipo estaba volcado conmigo. Me explicaban todo a la perfecci\u00f3n para que lo pudiese seguir bien. Daba gusto trabajar all\u00ed, hasta que aquel d\u00eda mi parecer dio un giro de 180 grados: \u201cfetos\u201d. <\/p>\n<h2><img decoding=\"async\" class=\"aligncenter wp-image-2105\" src=\"<a href=\"http:>http:\/\/www.arguments.es\/wp-content\/uploads\/vocacion\/2020\/09\/Podr\u00eda-ser-destacada-una-ciencia-al-servicio-del-hombre-Nuria-Peregr\u00edn-300x200.jpg\"<\/a> alt=\"\" width=\"800\" height=\"534\" \/><\/h2>\n<h2>Y tom\u00e9 una de las decisiones m\u00e1s dif\u00edciles de mi vida: irme y explicar por qu\u00e9<\/h2>\n<p> Me vuelvo a sentar en la mesa e intento continuar con mi trabajo. No puedo. Mi cabeza sigue estancada en esa conversaci\u00f3n. Me la repito una y otra vez en busca de alg\u00fan error o posible malentendido. No lo hay. Sus palabras hab\u00edan sido claras y concisas.  La decisi\u00f3n ya est\u00e1 tomada. Me voy. Y me voy con mucha angustia.  Angustia por esas vidas. Pensar que a esos ni\u00f1os se les privar\u00e1 del <a href=\"https:\/\/www.arguments.es\/en\/viva-la-vida\/medicina-aborto-hipocrates\/\">derecho a la vida<\/a> y que encima otros se aprovechar\u00e1n de ello me parece aterrador.  Angustia por la indiferencia de mis compa\u00f1eros. Si ellos, que son los m\u00e1s saben sobre el ser humano no lo defienden, \u00bfqui\u00e9n lo har\u00e1 sino?  Y angustia por mi profesi\u00f3n. \u00bfC\u00f3mo voy a poder trabajar en la investigaci\u00f3n si esta barbaridad est\u00e1 la orden del d\u00eda?  Pero al mismo tiempo me voy con mucha paz. Paz por hacer lo correcto. Paz por <a href=\"https:\/\/www.arguments.es\/en\/viva-la-vida\/libro-electronico-sobre-cultura-de-la-vida\/\">defender la vida del m\u00e1s vulnerable<\/a>. Y paz porque \u00c9l est\u00e1 conmigo.  &nbsp; <\/p>\n<pre>Nuria   <\/pre>","protected":false},"excerpt":{"rendered":"<p>Cuando la fe no es una teor\u00eda, sino luz que ilumina y fuerza para vivir Se llama Nuria, es de Barcelona, tiene 22 a\u00f1os y acaba de terminar el Grado de Bioqu\u00edmica en la Universidad de Navarra. Le apasiona su carrera. Cuanto m\u00e1s aprende del funcionamiento del cuerpo humano, m\u00e1s se asombra de lo bien [&hellip;]<\/p>","protected":false},"author":5,"featured_media":1907,"comment_status":"closed","ping_status":"closed","sticky":false,"template":"","format":"standard","meta":{"_coblocks_attr":"","_coblocks_dimensions":"","_coblocks_responsive_height":"","_coblocks_accordion_ie_support":"","inline_featured_image":false,"footnotes":""},"categories":[105,104],"tags":[864,865,866,363,867,868,270,869,870,871,872,873,238,391,874,875,876,877,246,878],"tipo_contenido":[],"acf":[],"_links":{"self":[{"href":"https:\/\/www.arguments.es\/en\/wp-json\/wp\/v2\/posts\/1906"}],"collection":[{"href":"https:\/\/www.arguments.es\/en\/wp-json\/wp\/v2\/posts"}],"about":[{"href":"https:\/\/www.arguments.es\/en\/wp-json\/wp\/v2\/types\/post"}],"author":[{"embeddable":true,"href":"https:\/\/www.arguments.es\/en\/wp-json\/wp\/v2\/users\/5"}],"replies":[{"embeddable":true,"href":"https:\/\/www.arguments.es\/en\/wp-json\/wp\/v2\/comments?post=1906"}],"version-history":[{"count":0,"href":"https:\/\/www.arguments.es\/en\/wp-json\/wp\/v2\/posts\/1906\/revisions"}],"wp:featuredmedia":[{"embeddable":true,"href":"https:\/\/www.arguments.es\/en\/wp-json\/wp\/v2\/media\/1907"}],"wp:attachment":[{"href":"https:\/\/www.arguments.es\/en\/wp-json\/wp\/v2\/media?parent=1906"}],"wp:term":[{"taxonomy":"category","embeddable":true,"href":"https:\/\/www.arguments.es\/en\/wp-json\/wp\/v2\/categories?post=1906"},{"taxonomy":"post_tag","embeddable":true,"href":"https:\/\/www.arguments.es\/en\/wp-json\/wp\/v2\/tags?post=1906"},{"taxonomy":"tipo_contenido","embeddable":true,"href":"https:\/\/www.arguments.es\/en\/wp-json\/wp\/v2\/tipo_contenido?post=1906"}],"curies":[{"name":"wp","href":"https:\/\/api.w.org\/{rel}","templated":true}]}}